{"id":536,"date":"2023-08-18T15:02:57","date_gmt":"2023-08-18T15:02:57","guid":{"rendered":"https:\/\/ricie.org\/?p=536"},"modified":"2023-08-18T15:03:45","modified_gmt":"2023-08-18T15:03:45","slug":"razones-para-participar-en-el-cie-2023","status":"publish","type":"post","link":"https:\/\/ricie.unicyt.edu.pa\/index.php\/2023\/08\/18\/razones-para-participar-en-el-cie-2023\/","title":{"rendered":"Razones para participar en el CIE-2023"},"content":{"rendered":"\n<p>Del 6 a al 8 de septiembre de 2023 se llevar\u00e1 a cabo el II Congreso de Creatividad e Innovaci\u00f3n en Educaci\u00f3n (CIE-2023) en la modalidad virtual s\u00edncrona a trav\u00e9s de la plataforma eSimposio, streamyard y VIMEO.<\/p>\n\n\n\n<p>Algunas razones para animarse a inscribirse en el congreso son:<\/p>\n\n\n\n<ul class=\"wp-block-list\">\n<li>El congreso contar\u00e1 con 5 conferencistas magistrales y 6 keynote speakers cuyas rese\u00f1as curriculares pueden ser consultadas en el siguiente enlace: <a href=\"http:\/\/cie-unicyt.org\/speakers\/\" target=\"_blank\" rel=\"noreferrer noopener\">http:\/\/cie-unicyt.org\/speakers\/<\/a><\/li>\n\n\n\n<li>El primer d\u00eda del congreso se podr\u00e1 seleccionar uno de tres talleres de capacitaci\u00f3n de 6 horas de duraci\u00f3n. Para descargar su contenido pueden darle click al siguiente enlace: <a rel=\"noreferrer noopener\" href=\"http:\/\/cie-unicyt.org\/wp-content\/uploads\/2023\/08\/talleres-H.pdf\" target=\"_blank\">http:\/\/cie-unicyt.org\/wp-content\/uploads\/2023\/08\/talleres-H.pdf<\/a><\/li>\n\n\n\n<li>Adem\u00e1s de los conferencistas magistrales y keynote speakers podr\u00e1n escuchar avances y\/o resultados de decenas de proyectos de investigaci\u00f3n para estar al d\u00eda con el estado del arte en educaci\u00f3n.<\/li>\n\n\n\n<li>Tendr\u00e1n certificados digitales para la asistencia al Taller y para asistencia al Congreso que podr\u00e1n descargar a la semana de haber concluido el evento.<\/li>\n\n\n\n<li>Tendr\u00e1n la posibilidad de volver a ver todas las conferencias y presentaciones a trav\u00e9s los videos que se grabar\u00e1n a lo largo del congreso.<\/li>\n\n\n\n<li>Tendr\u00e1n acceso y hasta podr\u00e1n descargar las Actas del Congreso que contendr\u00e1n res\u00famenes ampliados de todos los trabajos de investigaci\u00f3n presentados.<\/li>\n\n\n\n<li>El d\u00eda 7 de septiembre se llevar\u00e1 a cabo la II Asamblea General de la Red de Investigadores en Creatividad e Innovaci\u00f3n en Educaci\u00f3n (RICIE). Si a\u00fan no son miembros y desean inscribirse en RICIE pueden acceder al siguiente enlace:&nbsp;<a rel=\"noreferrer noopener\" href=\"https:\/\/chat.whatsapp.com\/CLKHd5okp1gG7o8R3JxzxY\" target=\"_blank\">https:\/\/chat.whatsapp.com\/CLKHd5okp1gG7o8R3JxzxY<\/a><\/li>\n<\/ul>\n\n\n\n<p>El costo de inscripci\u00f3n del congreso es de US$ 70.00 y el enlace para inscribirse es: <a rel=\"noreferrer noopener\" href=\"https:\/\/esimposio.com\/cie2023\/registro.php?id=1\" target=\"_blank\">https:\/\/esimposio.com\/cie2023\/registro.php?id=1<\/a><\/p>\n\n\n\n<p>\u00a1An\u00edmense a participar!<\/p>\n\n\n\n<p>Dra. Aura L. L\u00f3pez<\/p>\n\n\n\n<p>Coordinadora del Comit\u00e9 Organizador<\/p>\n","protected":false},"excerpt":{"rendered":"<p>Del 6 a al 8 de septiembre de 2023 se llevar\u00e1 a cabo el II Congreso de Creatividad e Innovaci\u00f3n en Educaci\u00f3n (CIE-2023) en la modalidad virtual s\u00edncrona a trav\u00e9s de la plataforma eSimposio, streamyard y VIMEO. Algunas razones para animarse a inscribirse en el congreso son: El congreso contar\u00e1 con 5 conferencistas magistrales y 6 keynote speakers cuyas rese\u00f1as curriculares pueden ser consultadas en el siguiente enlace: http:\/\/cie-unicyt.org\/speakers\/ El primer d\u00eda del congreso se podr\u00e1 seleccionar uno de tres talleres de capacitaci\u00f3n de 6 horas de duraci\u00f3n. Para descargar su contenido pueden darle click al siguiente enlace: http:\/\/cie-unicyt.org\/wp-content\/uploads\/2023\/08\/talleres-H.pdf Adem\u00e1s de los conferencistas magistrales y keynote speakers podr\u00e1n escuchar avances y\/o resultados de decenas de proyectos de investigaci\u00f3n para estar al d\u00eda con el estado del arte en educaci\u00f3n. Tendr\u00e1n certificados digitales para la asistencia al Taller y para asistencia al Congreso que podr\u00e1n descargar a la semana de haber concluido el evento. Tendr\u00e1n la posibilidad de volver a ver todas las conferencias y presentaciones a trav\u00e9s los videos que se grabar\u00e1n a lo largo del congreso. Tendr\u00e1n acceso y hasta podr\u00e1n descargar las Actas del Congreso que contendr\u00e1n res\u00famenes ampliados de todos los trabajos de investigaci\u00f3n presentados. El d\u00eda [&#8230;]<\/p>\n","protected":false},"author":2,"featured_media":533,"comment_status":"open","ping_status":"open","sticky":false,"template":"","format":"standard","meta":{"_monsterinsights_skip_tracking":false,"_monsterinsights_sitenote_active":false,"_monsterinsights_sitenote_note":"","_monsterinsights_sitenote_category":0,"_jetpack_memberships_contains_paid_content":false,"footnotes":""},"categories":[5],"tags":[],"class_list":["post-536","post","type-post","status-publish","format-standard","has-post-thumbnail","hentry","category-blog"],"jetpack_featured_media_url":"https:\/\/i0.wp.com\/ricie.unicyt.edu.pa\/wp-content\/uploads\/2023\/08\/Portada-Noticia-CIE.jpg?fit=1280%2C720&ssl=1","jetpack_sharing_enabled":true,"_links":{"self":[{"href":"https:\/\/ricie.unicyt.edu.pa\/index.php\/wp-json\/wp\/v2\/posts\/536","targetHints":{"allow":["GET"]}}],"collection":[{"href":"https:\/\/ricie.unicyt.edu.pa\/index.php\/wp-json\/wp\/v2\/posts"}],"about":[{"href":"https:\/\/ricie.unicyt.edu.pa\/index.php\/wp-json\/wp\/v2\/types\/post"}],"author":[{"embeddable":true,"href":"https:\/\/ricie.unicyt.edu.pa\/index.php\/wp-json\/wp\/v2\/users\/2"}],"replies":[{"embeddable":true,"href":"https:\/\/ricie.unicyt.edu.pa\/index.php\/wp-json\/wp\/v2\/comments?post=536"}],"version-history":[{"count":2,"href":"https:\/\/ricie.unicyt.edu.pa\/index.php\/wp-json\/wp\/v2\/posts\/536\/revisions"}],"predecessor-version":[{"id":538,"href":"https:\/\/ricie.unicyt.edu.pa\/index.php\/wp-json\/wp\/v2\/posts\/536\/revisions\/538"}],"wp:featuredmedia":[{"embeddable":true,"href":"https:\/\/ricie.unicyt.edu.pa\/index.php\/wp-json\/wp\/v2\/media\/533"}],"wp:attachment":[{"href":"https:\/\/ricie.unicyt.edu.pa\/index.php\/wp-json\/wp\/v2\/media?parent=536"}],"wp:term":[{"taxonomy":"category","embeddable":true,"href":"https:\/\/ricie.unicyt.edu.pa\/index.php\/wp-json\/wp\/v2\/categories?post=536"},{"taxonomy":"post_tag","embeddable":true,"href":"https:\/\/ricie.unicyt.edu.pa\/index.php\/wp-json\/wp\/v2\/tags?post=536"}],"curies":[{"name":"wp","href":"https:\/\/api.w.org\/{rel}","templated":true}]}}